{"id":59,"count":1,"description":"Descubre nuestra selecci\u00f3n de\u00a0sof\u00e1s cama, vers\u00e1tiles y pr\u00e1cticos para espacios reducidos. Variedad de estilos y colores. C\u00f3modos, econ\u00f3micos y de calidad.","link":"https:\/\/mobimark.es\/corporate\/categoria-producto\/inicio\/sofas\/sofas-cama\/","name":"SOF\u00c1S CAMA","slug":"sofas-cama","taxonomy":"product_cat","parent":41,"meta":[],"menu_order":21,"yoast_head":"<!-- This site is optimized with the Yoast SEO plugin v27.4 - https:\/\/yoast.com\/product\/yoast-seo-wordpress\/ -->\n<title>SOF\u00c1S CAMA - GRUP MOBIMARK | Mobles a Sant Celoni<\/title>\n<meta name=\"description\" content=\"Descubre nuestra selecci\u00f3n de\u00a0sof\u00e1s cama, vers\u00e1tiles y pr\u00e1cticos para espacios reducidos. Variedad de estilos y colores. C\u00f3modos, econ\u00f3micos y de calidad.\" \/>\n<meta name=\"robots\" content=\"index, follow, max-snippet:-1, max-image-preview:large, max-video-preview:-1\" \/>\n<link rel=\"canonical\" href=\"https:\/\/mobimark.es\/corporate\/categoria-producto\/inicio\/sofas\/sofas-cama\/\" \/>\n<meta property=\"og:locale\" content=\"es_ES\" \/>\n<meta property=\"og:type\" content=\"article\" \/>\n<meta property=\"og:title\" content=\"SOF\u00c1S CAMA - GRUP MOBIMARK | Mobles a Sant Celoni\" \/>\n<meta property=\"og:description\" content=\"Descubre nuestra selecci\u00f3n de\u00a0sof\u00e1s cama, vers\u00e1tiles y pr\u00e1cticos para espacios reducidos. Variedad de estilos y colores. C\u00f3modos, econ\u00f3micos y de calidad.\" \/>\n<meta property=\"og:url\" content=\"https:\/\/mobimark.es\/corporate\/categoria-producto\/inicio\/sofas\/sofas-cama\/\" \/>\n<meta property=\"og:site_name\" content=\"GRUP MOBIMARK | Mobles a Sant Celoni\" \/>\n<meta name=\"twitter:card\" content=\"summary_large_image\" \/>\n<script type=\"application\/ld+json\" class=\"yoast-schema-graph\">{\"@context\":\"https:\\\/\\\/schema.org\",\"@graph\":[{\"@type\":\"CollectionPage\",\"@id\":\"https:\\\/\\\/mobimark.es\\\/corporate\\\/categoria-producto\\\/inicio\\\/sofas\\\/sofas-cama\\\/\",\"url\":\"https:\\\/\\\/mobimark.es\\\/corporate\\\/categoria-producto\\\/inicio\\\/sofas\\\/sofas-cama\\\/\",\"name\":\"SOF\u00c1S CAMA - GRUP MOBIMARK | Mobles a Sant Celoni\",\"isPartOf\":{\"@id\":\"https:\\\/\\\/mobimark.es\\\/corporate\\\/#website\"},\"description\":\"Descubre nuestra selecci\u00f3n de\u00a0sof\u00e1s cama, vers\u00e1tiles y pr\u00e1cticos para espacios reducidos. Variedad de estilos y colores. C\u00f3modos, econ\u00f3micos y de calidad.\",\"breadcrumb\":{\"@id\":\"https:\\\/\\\/mobimark.es\\\/corporate\\\/categoria-producto\\\/inicio\\\/sofas\\\/sofas-cama\\\/#breadcrumb\"},\"inLanguage\":\"es\"},{\"@type\":\"BreadcrumbList\",\"@id\":\"https:\\\/\\\/mobimark.es\\\/corporate\\\/categoria-producto\\\/inicio\\\/sofas\\\/sofas-cama\\\/#breadcrumb\",\"itemListElement\":[{\"@type\":\"ListItem\",\"position\":1,\"name\":\"Portada\",\"item\":\"https:\\\/\\\/mobimark.es\\\/corporate\\\/\"},{\"@type\":\"ListItem\",\"position\":2,\"name\":\"INICIO\",\"item\":\"https:\\\/\\\/mobimark.es\\\/corporate\\\/categoria-producto\\\/inicio\\\/\"},{\"@type\":\"ListItem\",\"position\":3,\"name\":\"SOF\u00c1S\",\"item\":\"https:\\\/\\\/mobimark.es\\\/corporate\\\/categoria-producto\\\/inicio\\\/sofas\\\/\"},{\"@type\":\"ListItem\",\"position\":4,\"name\":\"SOF\u00c1S CAMA\"}]},{\"@type\":\"WebSite\",\"@id\":\"https:\\\/\\\/mobimark.es\\\/corporate\\\/#website\",\"url\":\"https:\\\/\\\/mobimark.es\\\/corporate\\\/\",\"name\":\"GRUP MOBIMARK | Mobles a Sant Celoni\",\"description\":\"Botiga de Mobles a Sant Celoni\",\"publisher\":{\"@id\":\"https:\\\/\\\/mobimark.es\\\/corporate\\\/#organization\"},\"potentialAction\":[{\"@type\":\"SearchAction\",\"target\":{\"@type\":\"EntryPoint\",\"urlTemplate\":\"https:\\\/\\\/mobimark.es\\\/corporate\\\/?s={search_term_string}\"},\"query-input\":{\"@type\":\"PropertyValueSpecification\",\"valueRequired\":true,\"valueName\":\"search_term_string\"}}],\"inLanguage\":\"es\"},{\"@type\":\"Organization\",\"@id\":\"https:\\\/\\\/mobimark.es\\\/corporate\\\/#organization\",\"name\":\"MOBIMARK |\u00a0Showroom mobiliari\",\"url\":\"https:\\\/\\\/mobimark.es\\\/corporate\\\/\",\"logo\":{\"@type\":\"ImageObject\",\"inLanguage\":\"es\",\"@id\":\"https:\\\/\\\/mobimark.es\\\/corporate\\\/#\\\/schema\\\/logo\\\/image\\\/\",\"url\":\"https:\\\/\\\/mobimark.es\\\/corporate\\\/wp-content\\\/uploads\\\/2018\\\/04\\\/logo_mobimark-web.png\",\"contentUrl\":\"https:\\\/\\\/mobimark.es\\\/corporate\\\/wp-content\\\/uploads\\\/2018\\\/04\\\/logo_mobimark-web.png\",\"width\":350,\"height\":85,\"caption\":\"MOBIMARK |\u00a0Showroom mobiliari\"},\"image\":{\"@id\":\"https:\\\/\\\/mobimark.es\\\/corporate\\\/#\\\/schema\\\/logo\\\/image\\\/\"},\"sameAs\":[\"https:\\\/\\\/www.facebook.com\\\/GrupMobimark\\\/\"]}]}<\/script>\n<!-- \/ Yoast SEO plugin. -->","yoast_head_json":{"title":"SOF\u00c1S CAMA - GRUP MOBIMARK | Mobles a Sant Celoni","description":"Descubre nuestra selecci\u00f3n de\u00a0sof\u00e1s cama, vers\u00e1tiles y pr\u00e1cticos para espacios reducidos. Variedad de estilos y colores. C\u00f3modos, econ\u00f3micos y de calidad.","robots":{"index":"index","follow":"follow","max-snippet":"max-snippet:-1","max-image-preview":"max-image-preview:large","max-video-preview":"max-video-preview:-1"},"canonical":"https:\/\/mobimark.es\/corporate\/categoria-producto\/inicio\/sofas\/sofas-cama\/","og_locale":"es_ES","og_type":"article","og_title":"SOF\u00c1S CAMA - GRUP MOBIMARK | Mobles a Sant Celoni","og_description":"Descubre nuestra selecci\u00f3n de\u00a0sof\u00e1s cama, vers\u00e1tiles y pr\u00e1cticos para espacios reducidos. Variedad de estilos y colores. C\u00f3modos, econ\u00f3micos y de calidad.","og_url":"https:\/\/mobimark.es\/corporate\/categoria-producto\/inicio\/sofas\/sofas-cama\/","og_site_name":"GRUP MOBIMARK | Mobles a Sant Celoni","twitter_card":"summary_large_image","schema":{"@context":"https:\/\/schema.org","@graph":[{"@type":"CollectionPage","@id":"https:\/\/mobimark.es\/corporate\/categoria-producto\/inicio\/sofas\/sofas-cama\/","url":"https:\/\/mobimark.es\/corporate\/categoria-producto\/inicio\/sofas\/sofas-cama\/","name":"SOF\u00c1S CAMA - GRUP MOBIMARK | Mobles a Sant Celoni","isPartOf":{"@id":"https:\/\/mobimark.es\/corporate\/#website"},"description":"Descubre nuestra selecci\u00f3n de\u00a0sof\u00e1s cama, vers\u00e1tiles y pr\u00e1cticos para espacios reducidos. Variedad de estilos y colores. C\u00f3modos, econ\u00f3micos y de calidad.","breadcrumb":{"@id":"https:\/\/mobimark.es\/corporate\/categoria-producto\/inicio\/sofas\/sofas-cama\/#breadcrumb"},"inLanguage":"es"},{"@type":"BreadcrumbList","@id":"https:\/\/mobimark.es\/corporate\/categoria-producto\/inicio\/sofas\/sofas-cama\/#breadcrumb","itemListElement":[{"@type":"ListItem","position":1,"name":"Portada","item":"https:\/\/mobimark.es\/corporate\/"},{"@type":"ListItem","position":2,"name":"INICIO","item":"https:\/\/mobimark.es\/corporate\/categoria-producto\/inicio\/"},{"@type":"ListItem","position":3,"name":"SOF\u00c1S","item":"https:\/\/mobimark.es\/corporate\/categoria-producto\/inicio\/sofas\/"},{"@type":"ListItem","position":4,"name":"SOF\u00c1S CAMA"}]},{"@type":"WebSite","@id":"https:\/\/mobimark.es\/corporate\/#website","url":"https:\/\/mobimark.es\/corporate\/","name":"GRUP MOBIMARK | Mobles a Sant Celoni","description":"Botiga de Mobles a Sant Celoni","publisher":{"@id":"https:\/\/mobimark.es\/corporate\/#organization"},"potentialAction":[{"@type":"SearchAction","target":{"@type":"EntryPoint","urlTemplate":"https:\/\/mobimark.es\/corporate\/?s={search_term_string}"},"query-input":{"@type":"PropertyValueSpecification","valueRequired":true,"valueName":"search_term_string"}}],"inLanguage":"es"},{"@type":"Organization","@id":"https:\/\/mobimark.es\/corporate\/#organization","name":"MOBIMARK |\u00a0Showroom mobiliari","url":"https:\/\/mobimark.es\/corporate\/","logo":{"@type":"ImageObject","inLanguage":"es","@id":"https:\/\/mobimark.es\/corporate\/#\/schema\/logo\/image\/","url":"https:\/\/mobimark.es\/corporate\/wp-content\/uploads\/2018\/04\/logo_mobimark-web.png","contentUrl":"https:\/\/mobimark.es\/corporate\/wp-content\/uploads\/2018\/04\/logo_mobimark-web.png","width":350,"height":85,"caption":"MOBIMARK |\u00a0Showroom mobiliari"},"image":{"@id":"https:\/\/mobimark.es\/corporate\/#\/schema\/logo\/image\/"},"sameAs":["https:\/\/www.facebook.com\/GrupMobimark\/"]}]}},"_links":{"self":[{"href":"https:\/\/mobimark.es\/corporate\/wp-json\/wp\/v2\/product_cat\/59","targetHints":{"allow":["GET"]}}],"collection":[{"href":"https:\/\/mobimark.es\/corporate\/wp-json\/wp\/v2\/product_cat"}],"about":[{"href":"https:\/\/mobimark.es\/corporate\/wp-json\/wp\/v2\/taxonomies\/product_cat"}],"up":[{"embeddable":true,"href":"https:\/\/mobimark.es\/corporate\/wp-json\/wp\/v2\/product_cat\/41"}],"wp:post_type":[{"href":"https:\/\/mobimark.es\/corporate\/wp-json\/wp\/v2\/product?product_cat=59"}],"curies":[{"name":"wp","href":"https:\/\/api.w.org\/{rel}","templated":true}]}}